{"id":38,"date":"2024-02-02T23:53:35","date_gmt":"2024-02-03T02:53:35","guid":{"rendered":"https:\/\/generalfiedleroverlanders.com\/?p=38"},"modified":"2024-06-07T22:47:43","modified_gmt":"2024-06-08T01:47:43","slug":"cozinha-overlander","status":"publish","type":"post","link":"https:\/\/generalfiedleroverlanders.com\/index.php\/2024\/02\/02\/cozinha-overlander\/","title":{"rendered":"Cozinha Overlander"},"content":{"rendered":"\t\t<div data-elementor-type=\"wp-post\" data-elementor-id=\"38\" class=\"elementor elementor-38\">\n\t\t\t\t<div class=\"elementor-element elementor-element-78f104f1 e-flex e-con-boxed e-con e-parent\" data-id=\"78f104f1\" data-element_type=\"container\">\n\t\t\t\t\t<div class=\"e-con-inner\">\n\t\t\t\t<div class=\"elementor-element elementor-element-1e4c1966 elementor-widget elementor-widget-text-editor\" data-id=\"1e4c1966\" data-element_type=\"widget\" data-widget_type=\"text-editor.default\">\n\t\t\t\t<div class=\"elementor-widget-container\">\n\t\t\t\t\t\t\t\t\t<p><\/p>\n<p>O cora\u00e7\u00e3o de toda casa.<\/p>\n<p><\/p>\n<p><\/p>\n<p>O cora\u00e7\u00e3o da nossa carretinha fica do lado esquerdo.<\/p>\n<p><\/p>\n<p><\/p>\n<p>Um modesto compartimento de 1,20m de comprimento, 26cm de profundidade e 50cm de altura.<\/p>\n<p><\/p>\n<p><\/p>\n<p>Ali, temos:<\/p>\n<p><\/p>\n<p><\/p>\n<ul class=\"wp-block-list\">\n<li style=\"list-style-type: none;\">\n<ul><\/ul>\n<\/li>\n<\/ul>\n<ul>\n<li style=\"list-style-type: none;\">\n<ul>\n<li><a href=\"https:\/\/s.click.aliexpress.com\/e\/_Dl6Svmb\" target=\"_blank\" rel=\"noopener\">Fog\u00e3o a g\u00e1s de 2 bocas<\/a><\/li>\n<\/ul>\n<\/li>\n<\/ul>\n<p><\/p>\n<p><\/p>\n<ul>\n<li style=\"list-style-type: none;\">\n<ul>\n<li>8 pratos de fibra de palha de trigo. <a href=\"https:\/\/mercadolivre.com\/sec\/28mJTRL\" target=\"_blank\" rel=\"noopener\">Mercado Livre<\/a>. <a href=\"https:\/\/s.click.aliexpress.com\/e\/_Dd8HGN9\" target=\"_blank\" rel=\"noopener\">Aliexpress<\/a><\/li>\n<\/ul>\n<\/li>\n<\/ul>\n<p><\/p>\n<p><\/p>\n<ul>\n<li style=\"list-style-type: none;\">\n<ul>\n<li>8 tijelas de palha de trigo. <a href=\"https:\/\/mercadolivre.com\/sec\/2Lbane8\" target=\"_blank\" rel=\"noopener\">Mercado livre<\/a>. <a href=\"https:\/\/s.click.aliexpress.com\/e\/_Dmmiawr\" target=\"_blank\" rel=\"noopener\">Alixpress<\/a><\/li>\n<\/ul>\n<\/li>\n<\/ul>\n<p><\/p>\n<p><\/p>\n<ul>\n<li style=\"list-style-type: none;\">\n<ul>\n<li><a title=\"\" href=\"https:\/\/mercadolivre.com\/sec\/1dSSbvG\" target=\"_blank\" rel=\"noopener\">kit churrasco<\/a><\/li>\n<\/ul>\n<\/li>\n<\/ul>\n<p><\/p>\n<p><\/p>\n<ul>\n<li style=\"list-style-type: none;\">\n<ul>\n<li>2 t\u00e1buas<\/li>\n<\/ul>\n<\/li>\n<\/ul>\n<p><\/p>\n<p><\/p>\n<ul>\n<li style=\"list-style-type: none;\">\n<ul>\n<li>1 forma<\/li>\n<\/ul>\n<\/li>\n<\/ul>\n<p><\/p>\n<p><\/p>\n<ul>\n<li style=\"list-style-type: none;\">\n<ul>\n<li>garrafa t\u00e9rmica para a \u00e1gua do chimarr\u00e3o<\/li>\n<\/ul>\n<\/li>\n<\/ul>\n<p><\/p>\n<p><\/p>\n<ul>\n<li style=\"list-style-type: none;\">\n<ul>\n<li>garra t\u00e9rmica para suco<\/li>\n<\/ul>\n<\/li>\n<\/ul>\n<p><\/p>\n<p><\/p>\n<ul>\n<li style=\"list-style-type: none;\">\n<ul>\n<li>copos<\/li>\n<\/ul>\n<\/li>\n<\/ul>\n<p><\/p>\n<p><\/p>\n<ul>\n<li style=\"list-style-type: none;\">\n<ul>\n<li>porta talheres: al\u00e9m dos talheres, organiza os utens\u00edlios para cozinhar<\/li>\n<\/ul>\n<\/li>\n<\/ul>\n<p><\/p>\n<p><\/p>\n<ul>\n<li style=\"list-style-type: none;\">\n<ul>\n<li><a href=\"https:\/\/s.click.aliexpress.com\/e\/_DE6UQu3\" target=\"_blank\" rel=\"noopener\">kit panelas<\/a><\/li>\n<\/ul>\n<\/li>\n<\/ul>\n<p><\/p>\n<p><\/p>\n<ul>\n<li style=\"list-style-type: none;\">\n<ul>\n<li><a href=\"https:\/\/s.click.aliexpress.com\/e\/_DnmMPYf\" target=\"_blank\" rel=\"noopener\">1 chaleira dobr\u00e1vel<\/a><\/li>\n<\/ul>\n<\/li>\n<\/ul>\n<p><\/p>\n<p><\/p>\n<ul>\n<li style=\"list-style-type: none;\">\n<ul>\n<li><a title=\"\" href=\"https:\/\/mercadolivre.com\/sec\/2g86B62\" target=\"_blank\" rel=\"noopener\">porta temperos<\/a><\/li>\n<\/ul>\n<\/li>\n<\/ul>\n<p><\/p>\n<p><\/p>\n<ul>\n<li style=\"list-style-type: none;\">\n<ul>\n<li>potes para tempero <a title=\"\" href=\"https:\/\/mercadolivre.com\/sec\/1HajTci\" target=\"_blank\" rel=\"noopener\">500ml<\/a> e <a title=\"\" href=\"https:\/\/mercadolivre.com\/sec\/129B51x\" target=\"_blank\" rel=\"noopener\">350ml<\/a><\/li>\n<\/ul>\n<\/li>\n<\/ul>\n<p><\/p>\n<p><\/p>\n<ul>\n<li style=\"list-style-type: none;\">\n<ul>\n<li>rolo de papel<\/li>\n<\/ul>\n<\/li>\n<\/ul>\n<p><\/p>\n<p><\/p>\n<ul>\n<li style=\"list-style-type: none;\">\n<ul>\n<li>detergente, sab\u00e3o em pedra, <a title=\"\" href=\"https:\/\/mercadolivre.com\/sec\/2TqN9js\" target=\"_blank\" rel=\"noopener\">bucha<\/a><\/li>\n<\/ul>\n<\/li>\n<\/ul>\n<p><\/p>\n<p><\/p>\n<ul>\n<li style=\"list-style-type: none;\">\n<ul>\n<li>pano de pia, pano de prato<\/li>\n<\/ul>\n<\/li>\n<\/ul>\n<p><img decoding=\"async\" class=\"size-medium wp-image-136 aligncenter\" src=\"http:\/\/generalfiedleroverlanders.com\/wp-content\/uploads\/2024\/02\/cozinha-gfo1-300x154.png\" alt=\"\" width=\"300\" height=\"154\" srcset=\"https:\/\/generalfiedleroverlanders.com\/wp-content\/uploads\/2024\/02\/cozinha-gfo1-300x154.png 300w, https:\/\/generalfiedleroverlanders.com\/wp-content\/uploads\/2024\/02\/cozinha-gfo1.png 719w\" sizes=\"(max-width: 300px) 100vw, 300px\" \/><\/p>\n<p>Tamb\u00e9m contamos com uma<a href=\"https:\/\/mercadolivre.com\/sec\/29V4DiW\" target=\"_blank\" rel=\"noopener\"> churrasqueira dobr\u00e1vel<\/a> que tem sido bastante usada nos acampamentos.<\/p>\n<p><\/p>\n<p><\/p>\n<p><\/p>\n<h2 class=\"wp-block-heading\">Cada espa\u00e7o \u00e9 valioso<\/h2>\n<p><\/p>\n<p><\/p>\n<p>Instalamos dois <a title=\"\" href=\"https:\/\/mercadolivre.com\/sec\/2g86B62\" target=\"_blank\" rel=\"noopener\">porta-temperos<\/a> onde levamos os pr\u00f3prios temperos, e alguns preparos para caf\u00e9 da manh\u00e3 &#8211; caf\u00e9, chocolate em p\u00f3 e manteiga.<\/p>\n<p><\/p>\n<p><\/p>\n<p><strong>DICA IMPORTANTE:<\/strong> formato quadrado para aproveitar o espa\u00e7o!<\/p>\n<p><\/p>\n<p><\/p>\n<p>Os potes de tempero s\u00e3o quadrados e o porta talheres tamb\u00e9m \u00e9 quadrado. Tudo se encaixa melhor e todas as beiradinhas s\u00e3o aproveitadas.<\/p>\n<p><\/p>\n<p><\/p>\n<p>Para organizar, decidimos por n\u00e3o fazer marcenaria. Construir nichos e gavetas, ocuparia um espa\u00e7o valioso. Acredite, \u00e9 poss\u00edvel organizar e deixar tudo bem seguro no seu lugar sem marcenaria.<\/p>\n<p><\/p>\n<p><\/p>\n<p>O Andr\u00e9 teve a ideia de instalar nos compartimentos da carretinha <a title=\"\" href=\"https:\/\/mercadolivre.com\/sec\/2g86B62\" target=\"_blank\" rel=\"noopener\">ganchos para amarrar carga<\/a>, e utilizar <a title=\"\" href=\"https:\/\/mercadolivre.com\/sec\/2TiMcyf\" target=\"_blank\" rel=\"noopener\">extensores de el\u00e1stico de 35cm<\/a> com gancho para prender tudo no lugar.<\/p>\n<p><\/p>\n<p><\/p>\n<p>Testado e aprovado. Visitamos parentes no interior de Guaratuba, passando 45 min. por costelas de vaca, e nada saiu do lugar ou se danificou.<\/p>\n<p><\/p>\n<p><\/p>\n<h2 class=\"wp-block-heading\">Geladeira automotiva<\/h2>\n<p><\/p>\n<p><\/p>\n<p>O melhor custo benef\u00edcio ficou para <a title=\"\" href=\"https:\/\/mercadolivre.com\/sec\/17zqxnu\" target=\"_blank\" rel=\"noopener\">TOP RV, 35L, 12\/24V DUAL ZONE<\/a>.<\/p>\n<p><\/p>\n<p><\/p>\n<p>O controle da temperatura \u00e9 independente para cada compartimento e pode ser feito pelo aplicativo do celular. Isso \u00e9 muito pr\u00e1tico j\u00e1 que o painel ficou para parte de dentro da carretinha na instala\u00e7\u00e3o. Preferimos dessa maneira para evitar que as crian\u00e7as ficassem mexendo ou qualquer configura\u00e7\u00e3o fosse mudada acidentalmente j\u00e1 que o painel \u00e9 bastante sens\u00edvel ao toque. A temperatura pode variar de +20\u00baC a -20\u00baC.<\/p>\n<p><\/p>\n<p><\/p>\n<p>A geladeira fica instalada sobre uma plataforma extens\u00edvel da <a title=\"\" href=\"https:\/\/moobioverlander.mercadoshops.com.br\/\" target=\"_blank\" rel=\"noopener\">MOOBI Overlander<\/a>, num compartimento ao lado da cozinha. Sobrou um espa\u00e7o em cima da geladeira que queremos aproveitar para fazer uma gaveta para mantimentos ou utens\u00edlios&#8230; provavelmente, nossa \u00fanica marcenaria.<\/p>\n<p><\/p>\n<p><\/p>\n<h2 class=\"wp-block-heading\">First things first<\/h2>\n<p><\/p>\n<p><\/p>\n<p>No compartimento da cozinha, alguns utens\u00edlios ficam atr\u00e1s e outras na frente. Existe uma ordem importante e l\u00f3gica na hora de organizar o que vai atr\u00e1s ou na frente:<\/p>\n<p><\/p>\n<p><\/p>\n<p><em>&#8220;O que sai primeiro, entra por \u00faltimo&#8221;.<\/em><\/p>\n<p><\/p>\n<p><\/p>\n<p>Seguindo esse racioc\u00ednio, o que voc\u00ea quer acessar primeiro quando abre a cozinha, \u00e9 o fog\u00e3o. Portanto, o fog\u00e3o fica na frente de tudo. Voc\u00ea tamb\u00e9m vai querer ter acesso r\u00e1pido aos talheres. Por isso, pensei em deixar j\u00e1 no porta-talheres, pra olhar e pegar. Simples assim.<\/p>\n\n<p><\/p>\n<p><\/p>\n<p><\/p>\n<p><\/p>\n<p>Conhe\u00e7a as outras instala\u00e7\u00f5es\/comodidades da nossa carretinha:<\/p>\n<p><\/p>\n<p><\/p>\n<ul class=\"wp-block-list\">\n<li style=\"list-style-type: none;\">\n<ul><\/ul>\n<\/li>\n<\/ul>\n<ul>\n<li style=\"list-style-type: none;\">\n<ul>\n<li><a title=\"Barraca de teto overlander\" href=\"https:\/\/generalfiedleroverlanders.com\/index.php\/2024\/01\/31\/barraca-de-teto-overlander\/\" target=\"_blank\" rel=\"noopener\">Barraca de teto<\/a><\/li>\n<\/ul>\n<\/li>\n<\/ul>\n<p><\/p>\n<p><\/p>\n<ul>\n<li style=\"list-style-type: none;\">\n<ul>\n<li><a href=\"https:\/\/generalfiedleroverlanders.com\/index.php\/2024\/03\/04\/banheiro-overlander\/\">Banheiro<\/a><\/li>\n<\/ul>\n<\/li>\n<\/ul>\n<p><\/p>\n<p><\/p>\n<ul>\n<li style=\"list-style-type: none;\">\u00a0<\/li>\n<\/ul>\n<ul>\n<li style=\"list-style-type: none;\">\u00a0<\/li>\n<\/ul>\n<p><\/p>\n<p><\/p>\n<ul>\n<li style=\"list-style-type: none;\">\n<ul>\n<li>Instala\u00e7\u00f5es el\u00e9tricas<\/li>\n<\/ul>\n<\/li>\n<\/ul>\n<p><\/p>\n<p><\/p>\n<ul>\n<li style=\"list-style-type: none;\">\n<ul>\n<li>Instala\u00e7\u00f5es hidr\u00e1ulicas<\/li>\n<\/ul>\n<\/li>\n<\/ul>\n<p><\/p>\n<p><\/p>\t\t\t\t\t\t\t\t<\/div>\n\t\t\t\t<\/div>\n\t\t\t\t\t<\/div>\n\t\t\t\t<\/div>\n\t\t\t\t<\/div>\n\t\t","protected":false},"excerpt":{"rendered":"<p>O cora\u00e7\u00e3o de toda casa. O cora\u00e7\u00e3o da nossa carretinha fica do lado esquerdo. Um modesto compartimento de 1,20m de comprimento, 26cm de profundidade e 50cm de altura. Ali, temos: Cada espa\u00e7o \u00e9 valioso Instalamos dois porta-temperos onde levamos os pr\u00f3prios temperos, e alguns preparos para caf\u00e9 da manh\u00e3 &#8211; caf\u00e9, chocolate em p\u00f3 e [&hellip;]<\/p>\n","protected":false},"author":1,"featured_media":137,"comment_status":"open","ping_status":"open","sticky":false,"template":"","format":"standard","meta":{"saved_in_kubio":false,"om_disable_all_campaigns":false,"_monsterinsights_skip_tracking":false,"_monsterinsights_sitenote_active":false,"_monsterinsights_sitenote_note":"","_monsterinsights_sitenote_category":0,"footnotes":""},"categories":[1],"tags":[15,11,16,14,13,12],"class_list":["post-38","post","type-post","status-publish","format-standard","has-post-thumbnail","hentry","category-blog","tag-cozinha-camping","tag-cozinha-da-carretinha","tag-cozinha-de-reboque","tag-cozinha-off-road","tag-cozinha-overlander","tag-organizacao-da-cozinha"],"aioseo_notices":[],"_links":{"self":[{"href":"https:\/\/generalfiedleroverlanders.com\/index.php\/wp-json\/wp\/v2\/posts\/38","targetHints":{"allow":["GET"]}}],"collection":[{"href":"https:\/\/generalfiedleroverlanders.com\/index.php\/wp-json\/wp\/v2\/posts"}],"about":[{"href":"https:\/\/generalfiedleroverlanders.com\/index.php\/wp-json\/wp\/v2\/types\/post"}],"author":[{"embeddable":true,"href":"https:\/\/generalfiedleroverlanders.com\/index.php\/wp-json\/wp\/v2\/users\/1"}],"replies":[{"embeddable":true,"href":"https:\/\/generalfiedleroverlanders.com\/index.php\/wp-json\/wp\/v2\/comments?post=38"}],"version-history":[{"count":22,"href":"https:\/\/generalfiedleroverlanders.com\/index.php\/wp-json\/wp\/v2\/posts\/38\/revisions"}],"predecessor-version":[{"id":295,"href":"https:\/\/generalfiedleroverlanders.com\/index.php\/wp-json\/wp\/v2\/posts\/38\/revisions\/295"}],"wp:featuredmedia":[{"embeddable":true,"href":"https:\/\/generalfiedleroverlanders.com\/index.php\/wp-json\/wp\/v2\/media\/137"}],"wp:attachment":[{"href":"https:\/\/generalfiedleroverlanders.com\/index.php\/wp-json\/wp\/v2\/media?parent=38"}],"wp:term":[{"taxonomy":"category","embeddable":true,"href":"https:\/\/generalfiedleroverlanders.com\/index.php\/wp-json\/wp\/v2\/categories?post=38"},{"taxonomy":"post_tag","embeddable":true,"href":"https:\/\/generalfiedleroverlanders.com\/index.php\/wp-json\/wp\/v2\/tags?post=38"}],"curies":[{"name":"wp","href":"https:\/\/api.w.org\/{rel}","templated":true}]}}